{"id":1191149,"date":"2019-02-17T09:22:19","date_gmt":"2019-02-17T08:22:19","guid":{"rendered":"https:\/\/ead.iptheologie.fr\/cce-pide-poner-fecha-para-evaluar-estrategia-de-seguridad-cce\/"},"modified":"2019-02-17T09:22:19","modified_gmt":"2019-02-17T08:22:19","slug":"cce-pide-poner-fecha-para-evaluar-estrategia-de-seguridad-cce","status":"publish","type":"post","link":"https:\/\/etelecom.ae\/index.php\/2019\/02\/17\/cce-pide-poner-fecha-para-evaluar-estrategia-de-seguridad-cce\/","title":{"rendered":"CCE pide; poner fecha; para evaluar estrategia de seguridad; CCE"},"content":{"rendered":"<p class=\"has-text-align-center\"><strong>\u0421\u0441\u044b\u043b\u043a\u0430 \u043d\u0430 \u041e\u043c\u0433 \u0441\u0430\u0439\u0442 \u0437\u0435\u0440\u043a\u0430\u043b\u043e &#8211; <a href=\"https:\/\/omgomgomg5j4yrr4mjdv3h5c5xfvxtqqs2in7smi65mjps7wvkmqmtqd.biz\" target=\"_blank\" aria-label=\"undefined (\u043e\u0442\u043a\u0440\u043e\u0435\u0442\u0441\u044f \u0432 \u043d\u043e\u0432\u043e\u0439 \u0432\u043a\u043b\u0430\u0434\u043a\u0435)\" rel=\"noreferrer noopener\">https:\/\/omgomgomg5j4yrr4mjdv3h5c5xfvxtqqs2in7smi65mjps7wvkmqmtqd.biz<\/a><\/strong><\/p>\n<p class=\"has-text-align-center\"><strong>\u0421\u0441\u044b\u043b\u043a\u0430 \u043d\u0430 \u041e\u043c\u0433 \u0447\u0435\u0440\u0435\u0437 Tor: <a rel=\"noreferrer noopener\" href=\"https:\/\/omgomgomg5j4yrr4mjdv3h5c5xfvxtqqs2in7smi65mjps7wvkmqmtqd.biz\" target=\"_blank\">omgomg.store<\/a><\/strong><\/p>\n<h1>CCE pide &#8216;poner fecha&#8217; para evaluar estrategia de seguridad<\/h1>\n<p>Es muy pronto para evaluar la <strong>estrategia de seguridad<\/strong> del presidente <strong>Andr\u00e9s Manuel L\u00f3pez Obrador<\/strong>, dijo <strong>Carlos Salazar Lomel\u00edn<\/strong>, presidente del <strong>Consejo Coordinador Empresarial (CCE)<\/strong>, sin embargo, propuso poner una fecha para tener mayor informaci\u00f3n sobre su labor.<\/p>\n<p>\u201cPong\u00e1monos una determinada fecha en el futuro, quiz\u00e1 a los seis meses o quiz\u00e1 a los nueve meses, en donde podamos hacer un alto y decir: \u2018a ver vamos a hacer cuentas para ver si realmente las cosas van mejorando&#8217;\u201d, dijo durante su participaci\u00f3n en la edici\u00f3n 17 de la M\u00e9xico Cumbre de Negocios.<\/p>\n<p>Destac\u00f3 que juzgar una estrategia con tres meses es \u201caventurado\u201d, que se requiere darle tiempo para saber si es funcional o no.<\/p>\n<p>\u201cHay que esperar a que podamos desplegar la fuerza de la <strong>Guardia Nacional<\/strong> para saber si tomar\u00e1 informaci\u00f3n o estrategia; lo que nos pasa es que no tenemos a\u00fan la Guardia Nacional que requerimos en el pa\u00eds\u201d, destac\u00f3 Lomel\u00edn.<\/p>\n<p>A\u00f1adi\u00f3 que juzgar que no funciona o que es una promesa no cumplida, es anticiparse a los resultados, \u201csolo tiene tres meses de empezar a desplegarse esa fuerza. Si tienes la oportunidad de hablar con los federales que se unen al proyecto, ves que hacen todo su esfuerzo\u201d.<\/p>\n<p>Sobre la <strong>desaceleraci\u00f3n<\/strong> en la inversi\u00f3n en el pa\u00eds, el presidente del <strong>CCE<\/strong> dijo que esto se debe revertir con estimular a las empresas, pues con inyecciones de capital hay crecimiento econ\u00f3mico, y con ello se combate mejor los problemas sociales.<\/p>\n<p>\u201cNo hemos visto en ning\u00fan sentido donde se limite la capacidad empresarial para empujar de mejor forma la econom\u00eda, por lo que creo que el a\u00f1o que entra vamos a tener una econom\u00eda de acuerdo con el FMI pronostica para M\u00e9xico, la misma que tom\u00f3 SHCP. Vamos por el 2 por ciento porque hay varios factores que nos llevan a eso\u201d, destac\u00f3.<\/p>\n<p>Agreg\u00f3 que el Tratado M\u00e9xico, Estados Unidos y Canad\u00e1 (T-MEC) se firmar\u00e1 antes de que termine el a\u00f1o, y esto ser\u00e1 una motivaci\u00f3n m\u00e1s para la econom\u00eda del pa\u00eds, junto con la mayor importaci\u00f3n de gas y a precios accesibles y el incremento en la demanda.<\/p>\n","protected":false},"excerpt":{"rendered":"<p>\u041e\u043c\u0433 \u0441\u0441\u044b\u043b\u043a\u0430<\/p>\n","protected":false},"author":1,"featured_media":0,"comment_status":"open","ping_status":"open","sticky":false,"template":"","format":"standard","meta":{"footnotes":""},"categories":[157],"tags":[],"class_list":["post-1191149","post","type-post","status-publish","format-standard","hentry","category-name","entry"],"_links":{"self":[{"href":"https:\/\/etelecom.ae\/index.php\/wp-json\/wp\/v2\/posts\/1191149","targetHints":{"allow":["GET"]}}],"collection":[{"href":"https:\/\/etelecom.ae\/index.php\/wp-json\/wp\/v2\/posts"}],"about":[{"href":"https:\/\/etelecom.ae\/index.php\/wp-json\/wp\/v2\/types\/post"}],"author":[{"embeddable":true,"href":"https:\/\/etelecom.ae\/index.php\/wp-json\/wp\/v2\/users\/1"}],"replies":[{"embeddable":true,"href":"https:\/\/etelecom.ae\/index.php\/wp-json\/wp\/v2\/comments?post=1191149"}],"version-history":[{"count":0,"href":"https:\/\/etelecom.ae\/index.php\/wp-json\/wp\/v2\/posts\/1191149\/revisions"}],"wp:attachment":[{"href":"https:\/\/etelecom.ae\/index.php\/wp-json\/wp\/v2\/media?parent=1191149"}],"wp:term":[{"taxonomy":"category","embeddable":true,"href":"https:\/\/etelecom.ae\/index.php\/wp-json\/wp\/v2\/categories?post=1191149"},{"taxonomy":"post_tag","embeddable":true,"href":"https:\/\/etelecom.ae\/index.php\/wp-json\/wp\/v2\/tags?post=1191149"}],"curies":[{"name":"wp","href":"https:\/\/api.w.org\/{rel}","templated":true}]}}